{"id":66745,"date":"2026-04-23T00:39:47","date_gmt":"2026-04-23T03:39:47","guid":{"rendered":"https:\/\/portalcidadeamazonia.com.br\/?p=66745"},"modified":"2026-04-23T00:39:47","modified_gmt":"2026-04-23T03:39:47","slug":"chuvas-em-belem-governo-federal-reconhece-situacao-de-emergencia","status":"publish","type":"post","link":"https:\/\/portalcidadeamazonia.com.br\/?p=66745","title":{"rendered":"Chuvas em Bel\u00e9m: governo federal reconhece situa\u00e7\u00e3o de emerg\u00eancia"},"content":{"rendered":"<\/p>\n<p><a class=\"\" href=\"https:\/\/agenciabrasil.ebc.com.br\/geral\/noticia\/2026-04\/chuvas-em-belem-governo-federal-reconhece-situacao-de-emergencia\"><br \/>\n                    <img decoding=\"async\" src=\"https:\/\/cdn.jsdelivr.net\/gh\/sergiosdlima\/assets-ebc@1.0.0\/abr\/assets\/images\/logo-agenciabrasil.svg\" alt=\"Logo Ag\u00eancia Brasil\"><br \/>\n\t\t\t\t<\/a><\/p>\n<p><strong>O governo federal reconheceu situa\u00e7\u00e3o de emerg\u00eancia em Bel\u00e9m (PA), ap\u00f3s as fortes chuvas registradas no final de semana que alagaram diversos bairros da cidade.<\/strong> <strong>De acordo com a prefeitura, cerca de 42 mil pessoas foram afetadas pelos alagamentos, considerados os mais intensos dos \u00faltimos 10 anos. \u00a0<\/strong><img decoding=\"async\" src=\"https:\/\/agenciabrasil.ebc.com.br\/ebc.png?id=1686929&#038;o=rss\"><img decoding=\"async\" src=\"https:\/\/agenciabrasil.ebc.com.br\/ebc.gif?id=1686929&#038;o=rss\"><\/p>\n<p>A portaria, publicada nesta ter\u00e7a-feira (21) no <a href=\"https:\/\/www.in.gov.br\/web\/dou\/-\/portaria-n-1.299-de-21-de-abril-de-2026-700845234\" target=\"_blank\">Di\u00e1rio Oficial da Uni\u00e3o<\/a>, tamb\u00e9m reconhece situa\u00e7\u00e3o de emerg\u00eancia em Ananideua, munic\u00edpio localizado na regi\u00e3o metropolitana de Bel\u00e9m. A partir do reconhecimento, as duas cidades podem solicitar ao Minist\u00e9rio da Integra\u00e7\u00e3o e do Desenvolvimento Regional (MIDR) recursos para a\u00e7\u00f5es de defesa civil.\u00a0<\/p>\n<\/p>\n<h3>Not\u00edcias relacionadas:<\/h3>\n<ul>\n<li><a href=\"https:\/\/agenciabrasil.ebc.com.br\/meio-ambiente\/noticia\/2026-04\/onda-de-calor-atingira-4-estados-inmet-alerta-para-riscos-saude\">Onda de calor atingir\u00e1 4 estados; Inmet alerta para riscos \u00e0 sa\u00fade.<\/a><\/li>\n<li><a href=\"https:\/\/agenciabrasil.ebc.com.br\/meio-ambiente\/noticia\/2026-04\/fim-de-semana-tem-alerta-de-chuva-para-o-norte-e-extremo-sul-do-pais\">Fim de semana tem alerta de chuva para o Norte e extremo Sul do pa\u00eds.<\/a><\/li>\n<li><a href=\"https:\/\/agenciabrasil.ebc.com.br\/meio-ambiente\/noticia\/2026-04\/unesco-destaca-contribuicao-de-seus-sitios-para-o-meio-ambiente-global\">Unesco destaca contribui\u00e7\u00e3o de seus s\u00edtios para o meio ambiente global.<\/a><\/li>\n<\/ul>\n<p><strong>Foram mais de 150 mil\u00edmetros (mm) de chuva em menos de 24 horas, volume classificado como extremo.<\/strong> Rios transbordaram e v\u00e1rios bairros ficaram alagados. Muitas fam\u00edlias perderam m\u00f3veis e tiveram as casas inundadas. \u00a0<\/p>\n<p>Uma for\u00e7a tarefa foi mobilizada pelas for\u00e7as locais com a\u00e7\u00f5es emergenciais como a \u00a0distribui\u00e7\u00e3o de cestas b\u00e1sicas e kits de higiene. As equipes de assist\u00eancia social tamb\u00e9m trabalham cadastrando as fam\u00edlias atingidas para a libera\u00e7\u00e3o de benef\u00edcios. Outro foco da opera\u00e7\u00e3o \u00e9 a preven\u00e7\u00e3o de novos alagamentos, com a desobstru\u00e7\u00e3o do Canal do Mata Fome, onde um lix\u00e3o irregular bloqueava o escoamento da \u00e1gua. \u00a0<\/p>\n<p><strong>Confira mais detalhes sobre as chuvas na reportagem do Rep\u00f3rter Brasil Tarde, da TV Brasil<\/strong><\/p>\n<p><iframe allow=\"accelerometer; autoplay; clipboard-write; encrypted-media; gyroscope; picture-in-picture; web-share\" allowfullscreen=\"\" frameborder=\"0\" height=\"315\" referrerpolicy=\"strict-origin-when-cross-origin\" src=\"https:\/\/www.youtube.com\/embed\/G7EyL0kzwb0?si=QIruh-EyDsXkzYxZ&#038;start=280\" title=\"YouTube video player\" width=\"560\" sandbox=\"allow-scripts allow-same-origin\"><\/iframe><\/p>\n<h2>Apoio imediato\u00a0<\/h2>\n<p>Al\u00e9m do reconhecimento da situa\u00e7\u00e3o de emerg\u00eancia, uma equipe t\u00e9cnica da Secretaria Nacional de Prote\u00e7\u00e3o e Defesa Civil, vinculada ao MIDR, foi enviada ao Par\u00e1. De acordo com o minist\u00e9rio, t\u00e9cnicos ajudam as prefeituras e as defesas civis locais nos processos necess\u00e1rios no p\u00f3s-desastre, como a elabora\u00e7\u00e3o de planos de trabalho.\u00a0<\/p>\n<blockquote>\n<p>\u201cNo caso de Bel\u00e9m, nosso apoio principal \u00e9 na elabora\u00e7\u00e3o dos planos de trabalho, especialmente os que priorizam a assist\u00eancia humanit\u00e1ria. As pessoas que foram diretamente afetadas precisam da ajuda dos governos federal, estadual e municipal\u201d, afirmou o secret\u00e1rio nacional de Prote\u00e7\u00e3o e Defesa Civil, Wolnei Wolff.\u00a0<\/p>\n<\/blockquote>\n<p>A pr\u00f3xima fase, aponta o secret\u00e1rio, \u00e9 a elabora\u00e7\u00e3o dos planos para restabelecimento. \u00a0<\/p>\n<blockquote>\n<p>\u201cQuando a \u00e1gua come\u00e7ar a baixar, ser\u00e1 poss\u00edvel iniciar o levantamento dos danos causados pelas inunda\u00e7\u00f5es e o quanto das infraestruturas p\u00fablicas foram destru\u00eddas\u201d, explica. \u00a0<\/p>\n<\/blockquote>\n<p><em>*com informa\u00e7\u00f5es do Rep\u00f3rter Brasil Tarde, da TV Brasil<\/em><\/p>\n","protected":false},"excerpt":{"rendered":"<p>O governo federal reconheceu situa\u00e7\u00e3o de emerg\u00eancia em Bel\u00e9m (PA), ap\u00f3s as fortes chuvas registradas no final de semana que alagaram diversos bairros da cidade. De acordo com a prefeitura, cerca de 42 mil pessoas foram afetadas pelos alagamentos, considerados os mais intensos dos \u00faltimos 10 anos. \u00a0 A portaria, publicada nesta ter\u00e7a-feira (21) no [&hellip;]<\/p>\n","protected":false},"author":1,"featured_media":66746,"comment_status":"open","ping_status":"open","sticky":false,"template":"","format":"standard","meta":{"site-sidebar-layout":"default","site-content-layout":"","ast-site-content-layout":"","site-content-style":"default","site-sidebar-style":"default","ast-global-header-display":"","ast-banner-title-visibility":"","ast-main-header-display":"","ast-hfb-above-header-display":"","ast-hfb-below-header-display":"","ast-hfb-mobile-header-display":"","site-post-title":"","ast-breadcrumbs-content":"","ast-featured-img":"","footer-sml-layout":"","theme-transparent-header-meta":"","adv-header-id-meta":"","stick-header-meta":"","header-above-stick-meta":"","header-main-stick-meta":"","header-below-stick-meta":"","astra-migrate-meta-layouts":"default","ast-page-background-enabled":"default","ast-page-background-meta":{"desktop":{"background-color":"var(--ast-global-color-4)","background-image":"","background-repeat":"repeat","background-position":"center center","background-size":"auto","background-attachment":"scroll","background-type":"","background-media":"","overlay-type":"","overlay-color":"","overlay-opacity":"","overlay-gradient":""},"tablet":{"background-color":"","background-image":"","background-repeat":"repeat","background-position":"center center","background-size":"auto","background-attachment":"scroll","background-type":"","background-media":"","overlay-type":"","overlay-color":"","overlay-opacity":"","overlay-gradient":""},"mobile":{"background-color":"","background-image":"","background-repeat":"repeat","background-position":"center center","background-size":"auto","background-attachment":"scroll","background-type":"","background-media":"","overlay-type":"","overlay-color":"","overlay-opacity":"","overlay-gradient":""}},"ast-content-background-meta":{"desktop":{"background-color":"var(--ast-global-color-5)","background-image":"","background-repeat":"repeat","background-position":"center center","background-size":"auto","background-attachment":"scroll","background-type":"","background-media":"","overlay-type":"","overlay-color":"","overlay-opacity":"","overlay-gradient":""},"tablet":{"background-color":"var(--ast-global-color-5)","background-image":"","background-repeat":"repeat","background-position":"center center","background-size":"auto","background-attachment":"scroll","background-type":"","background-media":"","overlay-type":"","overlay-color":"","overlay-opacity":"","overlay-gradient":""},"mobile":{"background-color":"var(--ast-global-color-5)","background-image":"","background-repeat":"repeat","background-position":"center center","background-size":"auto","background-attachment":"scroll","background-type":"","background-media":"","overlay-type":"","overlay-color":"","overlay-opacity":"","overlay-gradient":""}},"footnotes":""},"categories":[1],"tags":[],"class_list":["post-66745","post","type-post","status-publish","format-standard","has-post-thumbnail","hentry","category-sem-categoria"],"yoast_head":"<!-- This site is optimized with the Yoast SEO plugin v24.1 - https:\/\/yoast.com\/wordpress\/plugins\/seo\/ -->\n<title>Chuvas em Bel\u00e9m: governo federal reconhece situa\u00e7\u00e3o de emerg\u00eancia - Portal Cidade Amaz\u00f4nia<\/title>\n<meta name=\"robots\" content=\"index, follow, max-snippet:-1, max-image-preview:large, max-video-preview:-1\" \/>\n<link rel=\"canonical\" href=\"https:\/\/portalcidadeamazonia.com.br\/?p=66745\" \/>\n<meta property=\"og:locale\" content=\"pt_BR\" \/>\n<meta property=\"og:type\" content=\"article\" \/>\n<meta property=\"og:title\" content=\"Chuvas em Bel\u00e9m: governo federal reconhece situa\u00e7\u00e3o de emerg\u00eancia - Portal Cidade Amaz\u00f4nia\" \/>\n<meta property=\"og:description\" content=\"O governo federal reconheceu situa\u00e7\u00e3o de emerg\u00eancia em Bel\u00e9m (PA), ap\u00f3s as fortes chuvas registradas no final de semana que alagaram diversos bairros da cidade. De acordo com a prefeitura, cerca de 42 mil pessoas foram afetadas pelos alagamentos, considerados os mais intensos dos \u00faltimos 10 anos. \u00a0 A portaria, publicada nesta ter\u00e7a-feira (21) no [&hellip;]\" \/>\n<meta property=\"og:url\" content=\"https:\/\/portalcidadeamazonia.com.br\/?p=66745\" \/>\n<meta property=\"og:site_name\" content=\"Portal Cidade Amaz\u00f4nia\" \/>\n<meta property=\"article:published_time\" content=\"2026-04-23T03:39:47+00:00\" \/>\n<meta property=\"og:image\" content=\"https:\/\/cdn.jsdelivr.net\/gh\/sergiosdlima\/assets-ebc@1.0.0\/abr\/assets\/images\/logo-agenciabrasil.svg\" \/>\n<meta name=\"author\" content=\"gestormovie\" \/>\n<meta name=\"twitter:card\" content=\"summary_large_image\" \/>\n<meta name=\"twitter:label1\" content=\"Escrito por\" \/>\n\t<meta name=\"twitter:data1\" content=\"gestormovie\" \/>\n\t<meta name=\"twitter:label2\" content=\"Est. tempo de leitura\" \/>\n\t<meta name=\"twitter:data2\" content=\"2 minutos\" \/>\n<script type=\"application\/ld+json\" class=\"yoast-schema-graph\">{\"@context\":\"https:\/\/schema.org\",\"@graph\":[{\"@type\":\"Article\",\"@id\":\"https:\/\/portalcidadeamazonia.com.br\/?p=66745#article\",\"isPartOf\":{\"@id\":\"https:\/\/portalcidadeamazonia.com.br\/?p=66745\"},\"author\":{\"name\":\"gestormovie\",\"@id\":\"https:\/\/portalcidadeamazonia.com.br\/#\/schema\/person\/181b56b9ad0f5aa5483cf6036fde3c4a\"},\"headline\":\"Chuvas em Bel\u00e9m: governo federal reconhece situa\u00e7\u00e3o de emerg\u00eancia\",\"datePublished\":\"2026-04-23T03:39:47+00:00\",\"dateModified\":\"2026-04-23T03:39:47+00:00\",\"mainEntityOfPage\":{\"@id\":\"https:\/\/portalcidadeamazonia.com.br\/?p=66745\"},\"wordCount\":463,\"commentCount\":0,\"publisher\":{\"@id\":\"https:\/\/portalcidadeamazonia.com.br\/#organization\"},\"image\":{\"@id\":\"https:\/\/portalcidadeamazonia.com.br\/?p=66745#primaryimage\"},\"thumbnailUrl\":\"https:\/\/portalcidadeamazonia.com.br\/wp-content\/uploads\/2026\/04\/66745-chuvas-em-belem-governo-federal-reconhece-situacao-de-emergencia.jpg\",\"articleSection\":[\"\u00daltimas Not\u00edcias\"],\"inLanguage\":\"pt-BR\",\"potentialAction\":[{\"@type\":\"CommentAction\",\"name\":\"Comment\",\"target\":[\"https:\/\/portalcidadeamazonia.com.br\/?p=66745#respond\"]}]},{\"@type\":\"WebPage\",\"@id\":\"https:\/\/portalcidadeamazonia.com.br\/?p=66745\",\"url\":\"https:\/\/portalcidadeamazonia.com.br\/?p=66745\",\"name\":\"Chuvas em Bel\u00e9m: governo federal reconhece situa\u00e7\u00e3o de emerg\u00eancia - Portal Cidade Amaz\u00f4nia\",\"isPartOf\":{\"@id\":\"https:\/\/portalcidadeamazonia.com.br\/#website\"},\"primaryImageOfPage\":{\"@id\":\"https:\/\/portalcidadeamazonia.com.br\/?p=66745#primaryimage\"},\"image\":{\"@id\":\"https:\/\/portalcidadeamazonia.com.br\/?p=66745#primaryimage\"},\"thumbnailUrl\":\"https:\/\/portalcidadeamazonia.com.br\/wp-content\/uploads\/2026\/04\/66745-chuvas-em-belem-governo-federal-reconhece-situacao-de-emergencia.jpg\",\"datePublished\":\"2026-04-23T03:39:47+00:00\",\"dateModified\":\"2026-04-23T03:39:47+00:00\",\"breadcrumb\":{\"@id\":\"https:\/\/portalcidadeamazonia.com.br\/?p=66745#breadcrumb\"},\"inLanguage\":\"pt-BR\",\"potentialAction\":[{\"@type\":\"ReadAction\",\"target\":[\"https:\/\/portalcidadeamazonia.com.br\/?p=66745\"]}]},{\"@type\":\"ImageObject\",\"inLanguage\":\"pt-BR\",\"@id\":\"https:\/\/portalcidadeamazonia.com.br\/?p=66745#primaryimage\",\"url\":\"https:\/\/portalcidadeamazonia.com.br\/wp-content\/uploads\/2026\/04\/66745-chuvas-em-belem-governo-federal-reconhece-situacao-de-emergencia.jpg\",\"contentUrl\":\"https:\/\/portalcidadeamazonia.com.br\/wp-content\/uploads\/2026\/04\/66745-chuvas-em-belem-governo-federal-reconhece-situacao-de-emergencia.jpg\",\"width\":1600,\"height\":800,\"caption\":\"Chuvas em Bel\u00e9m: governo federal reconhece situa\u00e7\u00e3o de emerg\u00eancia\"},{\"@type\":\"BreadcrumbList\",\"@id\":\"https:\/\/portalcidadeamazonia.com.br\/?p=66745#breadcrumb\",\"itemListElement\":[{\"@type\":\"ListItem\",\"position\":1,\"name\":\"In\u00edcio\",\"item\":\"https:\/\/portalcidadeamazonia.com.br\/\"},{\"@type\":\"ListItem\",\"position\":2,\"name\":\"Chuvas em Bel\u00e9m: governo federal reconhece situa\u00e7\u00e3o de emerg\u00eancia\"}]},{\"@type\":\"WebSite\",\"@id\":\"https:\/\/portalcidadeamazonia.com.br\/#website\",\"url\":\"https:\/\/portalcidadeamazonia.com.br\/\",\"name\":\"Portal Cidade Amaz\u00f4nia\",\"description\":\"O parceiro do comerciante e da Amaz\u00f4nia.\",\"publisher\":{\"@id\":\"https:\/\/portalcidadeamazonia.com.br\/#organization\"},\"potentialAction\":[{\"@type\":\"SearchAction\",\"target\":{\"@type\":\"EntryPoint\",\"urlTemplate\":\"https:\/\/portalcidadeamazonia.com.br\/?s={search_term_string}\"},\"query-input\":{\"@type\":\"PropertyValueSpecification\",\"valueRequired\":true,\"valueName\":\"search_term_string\"}}],\"inLanguage\":\"pt-BR\"},{\"@type\":\"Organization\",\"@id\":\"https:\/\/portalcidadeamazonia.com.br\/#organization\",\"name\":\"Portal Cidade Amaz\u00f4nia\",\"url\":\"https:\/\/portalcidadeamazonia.com.br\/\",\"logo\":{\"@type\":\"ImageObject\",\"inLanguage\":\"pt-BR\",\"@id\":\"https:\/\/portalcidadeamazonia.com.br\/#\/schema\/logo\/image\/\",\"url\":\"https:\/\/oquefazerembalneariocamboriu.com\/wp-content\/uploads\/2023\/02\/o-que-fazer-em-balneario-camboriu.jpg\",\"contentUrl\":\"https:\/\/oquefazerembalneariocamboriu.com\/wp-content\/uploads\/2023\/02\/o-que-fazer-em-balneario-camboriu.jpg\",\"width\":1200,\"height\":675,\"caption\":\"Portal Cidade Amaz\u00f4nia\"},\"image\":{\"@id\":\"https:\/\/portalcidadeamazonia.com.br\/#\/schema\/logo\/image\/\"}},{\"@type\":\"Person\",\"@id\":\"https:\/\/portalcidadeamazonia.com.br\/#\/schema\/person\/181b56b9ad0f5aa5483cf6036fde3c4a\",\"name\":\"gestormovie\",\"image\":{\"@type\":\"ImageObject\",\"inLanguage\":\"pt-BR\",\"@id\":\"https:\/\/portalcidadeamazonia.com.br\/#\/schema\/person\/image\/\",\"url\":\"https:\/\/secure.gravatar.com\/avatar\/0f07d5fe1fd298d5981d803c5c6002da5540323698dff70dcc272e88627953d9?s=96&d=mm&r=g\",\"contentUrl\":\"https:\/\/secure.gravatar.com\/avatar\/0f07d5fe1fd298d5981d803c5c6002da5540323698dff70dcc272e88627953d9?s=96&d=mm&r=g\",\"caption\":\"gestormovie\"},\"sameAs\":[\"https:\/\/portalcidadeamazonia.com.br\"],\"url\":\"https:\/\/portalcidadeamazonia.com.br\/?author=1\"}]}<\/script>\n<!-- \/ Yoast SEO plugin. -->","yoast_head_json":{"title":"Chuvas em Bel\u00e9m: governo federal reconhece situa\u00e7\u00e3o de emerg\u00eancia - Portal Cidade Amaz\u00f4nia","robots":{"index":"index","follow":"follow","max-snippet":"max-snippet:-1","max-image-preview":"max-image-preview:large","max-video-preview":"max-video-preview:-1"},"canonical":"https:\/\/portalcidadeamazonia.com.br\/?p=66745","og_locale":"pt_BR","og_type":"article","og_title":"Chuvas em Bel\u00e9m: governo federal reconhece situa\u00e7\u00e3o de emerg\u00eancia - Portal Cidade Amaz\u00f4nia","og_description":"O governo federal reconheceu situa\u00e7\u00e3o de emerg\u00eancia em Bel\u00e9m (PA), ap\u00f3s as fortes chuvas registradas no final de semana que alagaram diversos bairros da cidade. De acordo com a prefeitura, cerca de 42 mil pessoas foram afetadas pelos alagamentos, considerados os mais intensos dos \u00faltimos 10 anos. \u00a0 A portaria, publicada nesta ter\u00e7a-feira (21) no [&hellip;]","og_url":"https:\/\/portalcidadeamazonia.com.br\/?p=66745","og_site_name":"Portal Cidade Amaz\u00f4nia","article_published_time":"2026-04-23T03:39:47+00:00","og_image":[{"url":"https:\/\/cdn.jsdelivr.net\/gh\/sergiosdlima\/assets-ebc@1.0.0\/abr\/assets\/images\/logo-agenciabrasil.svg","type":"","width":"","height":""}],"author":"gestormovie","twitter_card":"summary_large_image","twitter_misc":{"Escrito por":"gestormovie","Est. tempo de leitura":"2 minutos"},"schema":{"@context":"https:\/\/schema.org","@graph":[{"@type":"Article","@id":"https:\/\/portalcidadeamazonia.com.br\/?p=66745#article","isPartOf":{"@id":"https:\/\/portalcidadeamazonia.com.br\/?p=66745"},"author":{"name":"gestormovie","@id":"https:\/\/portalcidadeamazonia.com.br\/#\/schema\/person\/181b56b9ad0f5aa5483cf6036fde3c4a"},"headline":"Chuvas em Bel\u00e9m: governo federal reconhece situa\u00e7\u00e3o de emerg\u00eancia","datePublished":"2026-04-23T03:39:47+00:00","dateModified":"2026-04-23T03:39:47+00:00","mainEntityOfPage":{"@id":"https:\/\/portalcidadeamazonia.com.br\/?p=66745"},"wordCount":463,"commentCount":0,"publisher":{"@id":"https:\/\/portalcidadeamazonia.com.br\/#organization"},"image":{"@id":"https:\/\/portalcidadeamazonia.com.br\/?p=66745#primaryimage"},"thumbnailUrl":"https:\/\/portalcidadeamazonia.com.br\/wp-content\/uploads\/2026\/04\/66745-chuvas-em-belem-governo-federal-reconhece-situacao-de-emergencia.jpg","articleSection":["\u00daltimas Not\u00edcias"],"inLanguage":"pt-BR","potentialAction":[{"@type":"CommentAction","name":"Comment","target":["https:\/\/portalcidadeamazonia.com.br\/?p=66745#respond"]}]},{"@type":"WebPage","@id":"https:\/\/portalcidadeamazonia.com.br\/?p=66745","url":"https:\/\/portalcidadeamazonia.com.br\/?p=66745","name":"Chuvas em Bel\u00e9m: governo federal reconhece situa\u00e7\u00e3o de emerg\u00eancia - Portal Cidade Amaz\u00f4nia","isPartOf":{"@id":"https:\/\/portalcidadeamazonia.com.br\/#website"},"primaryImageOfPage":{"@id":"https:\/\/portalcidadeamazonia.com.br\/?p=66745#primaryimage"},"image":{"@id":"https:\/\/portalcidadeamazonia.com.br\/?p=66745#primaryimage"},"thumbnailUrl":"https:\/\/portalcidadeamazonia.com.br\/wp-content\/uploads\/2026\/04\/66745-chuvas-em-belem-governo-federal-reconhece-situacao-de-emergencia.jpg","datePublished":"2026-04-23T03:39:47+00:00","dateModified":"2026-04-23T03:39:47+00:00","breadcrumb":{"@id":"https:\/\/portalcidadeamazonia.com.br\/?p=66745#breadcrumb"},"inLanguage":"pt-BR","potentialAction":[{"@type":"ReadAction","target":["https:\/\/portalcidadeamazonia.com.br\/?p=66745"]}]},{"@type":"ImageObject","inLanguage":"pt-BR","@id":"https:\/\/portalcidadeamazonia.com.br\/?p=66745#primaryimage","url":"https:\/\/portalcidadeamazonia.com.br\/wp-content\/uploads\/2026\/04\/66745-chuvas-em-belem-governo-federal-reconhece-situacao-de-emergencia.jpg","contentUrl":"https:\/\/portalcidadeamazonia.com.br\/wp-content\/uploads\/2026\/04\/66745-chuvas-em-belem-governo-federal-reconhece-situacao-de-emergencia.jpg","width":1600,"height":800,"caption":"Chuvas em Bel\u00e9m: governo federal reconhece situa\u00e7\u00e3o de emerg\u00eancia"},{"@type":"BreadcrumbList","@id":"https:\/\/portalcidadeamazonia.com.br\/?p=66745#breadcrumb","itemListElement":[{"@type":"ListItem","position":1,"name":"In\u00edcio","item":"https:\/\/portalcidadeamazonia.com.br\/"},{"@type":"ListItem","position":2,"name":"Chuvas em Bel\u00e9m: governo federal reconhece situa\u00e7\u00e3o de emerg\u00eancia"}]},{"@type":"WebSite","@id":"https:\/\/portalcidadeamazonia.com.br\/#website","url":"https:\/\/portalcidadeamazonia.com.br\/","name":"Portal Cidade Amaz\u00f4nia","description":"O parceiro do comerciante e da Amaz\u00f4nia.","publisher":{"@id":"https:\/\/portalcidadeamazonia.com.br\/#organization"},"potentialAction":[{"@type":"SearchAction","target":{"@type":"EntryPoint","urlTemplate":"https:\/\/portalcidadeamazonia.com.br\/?s={search_term_string}"},"query-input":{"@type":"PropertyValueSpecification","valueRequired":true,"valueName":"search_term_string"}}],"inLanguage":"pt-BR"},{"@type":"Organization","@id":"https:\/\/portalcidadeamazonia.com.br\/#organization","name":"Portal Cidade Amaz\u00f4nia","url":"https:\/\/portalcidadeamazonia.com.br\/","logo":{"@type":"ImageObject","inLanguage":"pt-BR","@id":"https:\/\/portalcidadeamazonia.com.br\/#\/schema\/logo\/image\/","url":"https:\/\/oquefazerembalneariocamboriu.com\/wp-content\/uploads\/2023\/02\/o-que-fazer-em-balneario-camboriu.jpg","contentUrl":"https:\/\/oquefazerembalneariocamboriu.com\/wp-content\/uploads\/2023\/02\/o-que-fazer-em-balneario-camboriu.jpg","width":1200,"height":675,"caption":"Portal Cidade Amaz\u00f4nia"},"image":{"@id":"https:\/\/portalcidadeamazonia.com.br\/#\/schema\/logo\/image\/"}},{"@type":"Person","@id":"https:\/\/portalcidadeamazonia.com.br\/#\/schema\/person\/181b56b9ad0f5aa5483cf6036fde3c4a","name":"gestormovie","image":{"@type":"ImageObject","inLanguage":"pt-BR","@id":"https:\/\/portalcidadeamazonia.com.br\/#\/schema\/person\/image\/","url":"https:\/\/secure.gravatar.com\/avatar\/0f07d5fe1fd298d5981d803c5c6002da5540323698dff70dcc272e88627953d9?s=96&d=mm&r=g","contentUrl":"https:\/\/secure.gravatar.com\/avatar\/0f07d5fe1fd298d5981d803c5c6002da5540323698dff70dcc272e88627953d9?s=96&d=mm&r=g","caption":"gestormovie"},"sameAs":["https:\/\/portalcidadeamazonia.com.br"],"url":"https:\/\/portalcidadeamazonia.com.br\/?author=1"}]}},"_links":{"self":[{"href":"https:\/\/portalcidadeamazonia.com.br\/index.php?rest_route=\/wp\/v2\/posts\/66745","targetHints":{"allow":["GET"]}}],"collection":[{"href":"https:\/\/portalcidadeamazonia.com.br\/index.php?rest_route=\/wp\/v2\/posts"}],"about":[{"href":"https:\/\/portalcidadeamazonia.com.br\/index.php?rest_route=\/wp\/v2\/types\/post"}],"author":[{"embeddable":true,"href":"https:\/\/portalcidadeamazonia.com.br\/index.php?rest_route=\/wp\/v2\/users\/1"}],"replies":[{"embeddable":true,"href":"https:\/\/portalcidadeamazonia.com.br\/index.php?rest_route=%2Fwp%2Fv2%2Fcomments&post=66745"}],"version-history":[{"count":0,"href":"https:\/\/portalcidadeamazonia.com.br\/index.php?rest_route=\/wp\/v2\/posts\/66745\/revisions"}],"wp:featuredmedia":[{"embeddable":true,"href":"https:\/\/portalcidadeamazonia.com.br\/index.php?rest_route=\/wp\/v2\/media\/66746"}],"wp:attachment":[{"href":"https:\/\/portalcidadeamazonia.com.br\/index.php?rest_route=%2Fwp%2Fv2%2Fmedia&parent=66745"}],"wp:term":[{"taxonomy":"category","embeddable":true,"href":"https:\/\/portalcidadeamazonia.com.br\/index.php?rest_route=%2Fwp%2Fv2%2Fcategories&post=66745"},{"taxonomy":"post_tag","embeddable":true,"href":"https:\/\/portalcidadeamazonia.com.br\/index.php?rest_route=%2Fwp%2Fv2%2Ftags&post=66745"}],"curies":[{"name":"wp","href":"https:\/\/api.w.org\/{rel}","templated":true}]}}